{"id":1250,"__str__":"Parecer Comiss\u00e3o CCJCR n\u00ba 4 de 2019","link_detail_backend":"/materia/1250","metadata":{},"numero":4,"ano":2019,"numero_protocolo":143,"data_apresentacao":"2019-03-25","tipo_apresentacao":"E","data_publicacao":"2019-03-28","numero_origem_externa":"","ano_origem_externa":null,"data_origem_externa":null,"apelido":"","dias_prazo":null,"data_fim_prazo":null,"em_tramitacao":true,"polemica":false,"objeto":"","complementar":false,"ementa":"Parecer n\u00ba 004/2019/CCJCR - Ao Projeto de Lei Ordin\u00e1ria n\u00ba 011/2018 \u2013 Dispondo sobre \u201cInstitui o Dia Municipal da Ado\u00e7\u00e3o, Prote\u00e7\u00e3o e Bem-Estar dos Animais e a Semana Municipal da Ado\u00e7\u00e3o, Prote\u00e7\u00e3o e BemEstar dos Animais, no Munic\u00edpio de Medicil\u00e2ndia/PA\u201d.","indexacao":"parecer ccjcr","observacao":"","resultado":"","texto_original":"http://sapl.medicilandia.pa.leg.br/media/sapl/public/materialegislativa/2019/1250/parecer_no_004-2019_-_ao_plo_no_011-2018_adocao_rFJcQQN.pdf","data_ultima_atualizacao":"2019-03-28T12:16:36.203502-03:00","ip":"","ultima_edicao":null,"tipo":20,"regime_tramitacao":1,"tipo_origem_externa":null,"local_origem_externa":null,"user":null,"anexadas":[872],"autores":[3]}